{"id":1062,"date":"2018-01-28T15:42:20","date_gmt":"2018-01-28T14:42:20","guid":{"rendered":"http:\/\/wp.vsg-1880-offenbach.de\/?p=1062"},"modified":"2018-06-29T15:43:19","modified_gmt":"2018-06-29T13:43:19","slug":"hannah-ein-stilles-spiel-zdf-dokumentation-ueber-die-deutsche-jugendmeisterschaft-2017","status":"publish","type":"post","link":"https:\/\/wp.vsg-1880-offenbach.de\/?p=1062","title":{"rendered":"Hannah &#8211; Ein stilles Spiel: ZDF-Dokumentation \u00fcber die Deutsche Jugendmeisterschaft 2017"},"content":{"rendered":"<p>Wie ist es eigentlich so bei einer Deutschen Jugendeinzelmeisterschaft? Das ZDF hat Hannah Ramien, ein zehnj\u00e4hriges sympathisches M\u00e4dchen der Schachgemeinschaft K\u00f6ln-Porz, bei der DEM 2017 in Willingen eine Woche lang begleitet. Der Film wurde nun Ende Januar im KIKA und ZDF-Tivi ausgestrahlt. F\u00fcr alle, die ihn verpasst haben, hier der Link zur Mediathek: <a href=\"https:\/\/www.zdf.de\/kinder\/stark\/hannah-ein-stilles-spiel-100.html\" target=\"_blank\" rel=\"noopener\">Hannah &#8211; Ein stilles Spiel<\/a>. Kleines R\u00e4tsel am Rande, wie viele Offenbacher entdeckt Ihr im Hintergrund?<\/p>\n<p>Wollt Ihr auch einmal zur DEM? Die Qualifikationspl\u00e4tze werden auf der Hessenmeisterschaft, dem sogenannten Zentralen Lager, in den Osterferien ausgespielt. In der U10, vom 23.-25.3., werden vier Startpl\u00e4tze f\u00fcr Jungen und drei f\u00fcr M\u00e4dchen vergeben. In der U12, vom 25.-31.3., sind es vier f\u00fcr die Jungs und zwei f\u00fcr die M\u00e4dchen. Und auch in den \u00e4lteren Altersklassen kann man sich qualifizieren. Alle Infos und die Anmeldeformulare f\u00fcr eine tolle Woche mit Spiel Spa\u00df und Spannung gibt es hier: <a href=\"http:\/\/hessische-schachjugend.de\/zentrales-lager-2018\/\" target=\"_blank\" rel=\"noopener\">Zentrales Lager<\/a>. Anmeldeschluss ist bereits am 10.2., also ran an die Formulare!<\/p>\n<p>Views: 132<\/p>","protected":false},"excerpt":{"rendered":"<p>Wie ist es eigentlich so bei einer Deutschen Jugendeinzelmeisterschaft? Das ZDF hat Hannah Ramien, ein zehnj\u00e4hriges sympathisches M\u00e4dchen der Schachgemeinschaft K\u00f6ln-Porz, bei der DEM 2017 in Willingen eine Woche lang begleitet. Der Film wurde nun Ende Januar im KIKA und ZDF-Tivi ausgestrahlt. F\u00fcr alle, die ihn verpasst haben, hier der Link zur Mediathek: Hannah &#8211; <a class=\"more-link\" href=\"https:\/\/wp.vsg-1880-offenbach.de\/?p=1062\">weiterlesen&#8230;<\/a><\/p>\n","protected":false},"author":3,"featured_media":1009,"comment_status":"open","ping_status":"open","sticky":false,"template":"","format":"standard","meta":{"footnotes":""},"categories":[2,12,15],"tags":[],"class_list":["post-1062","post","type-post","status-publish","format-standard","has-post-thumbnail","hentry","category-aktuelles","category-jugend","category-pressespiegel"],"_links":{"self":[{"href":"https:\/\/wp.vsg-1880-offenbach.de\/index.php?rest_route=\/wp\/v2\/posts\/1062","targetHints":{"allow":["GET"]}}],"collection":[{"href":"https:\/\/wp.vsg-1880-offenbach.de\/index.php?rest_route=\/wp\/v2\/posts"}],"about":[{"href":"https:\/\/wp.vsg-1880-offenbach.de\/index.php?rest_route=\/wp\/v2\/types\/post"}],"author":[{"embeddable":true,"href":"https:\/\/wp.vsg-1880-offenbach.de\/index.php?rest_route=\/wp\/v2\/users\/3"}],"replies":[{"embeddable":true,"href":"https:\/\/wp.vsg-1880-offenbach.de\/index.php?rest_route=%2Fwp%2Fv2%2Fcomments&post=1062"}],"version-history":[{"count":1,"href":"https:\/\/wp.vsg-1880-offenbach.de\/index.php?rest_route=\/wp\/v2\/posts\/1062\/revisions"}],"predecessor-version":[{"id":1065,"href":"https:\/\/wp.vsg-1880-offenbach.de\/index.php?rest_route=\/wp\/v2\/posts\/1062\/revisions\/1065"}],"wp:featuredmedia":[{"embeddable":true,"href":"https:\/\/wp.vsg-1880-offenbach.de\/index.php?rest_route=\/wp\/v2\/media\/1009"}],"wp:attachment":[{"href":"https:\/\/wp.vsg-1880-offenbach.de\/index.php?rest_route=%2Fwp%2Fv2%2Fmedia&parent=1062"}],"wp:term":[{"taxonomy":"category","embeddable":true,"href":"https:\/\/wp.vsg-1880-offenbach.de\/index.php?rest_route=%2Fwp%2Fv2%2Fcategories&post=1062"},{"taxonomy":"post_tag","embeddable":true,"href":"https:\/\/wp.vsg-1880-offenbach.de\/index.php?rest_route=%2Fwp%2Fv2%2Ftags&post=1062"}],"curies":[{"name":"wp","href":"https:\/\/api.w.org\/{rel}","templated":true}]}}