{"id":12945,"date":"2024-08-23T15:49:22","date_gmt":"2024-08-23T13:49:22","guid":{"rendered":"https:\/\/wp.vsg-1880-offenbach.de\/?p=12945"},"modified":"2024-09-05T16:31:07","modified_gmt":"2024-09-05T14:31:07","slug":"wir-druecken-sepas-und-maja-bei-der-jugendeuropameisterschaft-alle-daumen","status":"publish","type":"post","link":"https:\/\/wp.vsg-1880-offenbach.de\/?p=12945","title":{"rendered":"Maja gewinnt eine Silbermedaille bei der Jugend-EM in Prag, Sepas auch mit guten Ergebnissen"},"content":{"rendered":"<p>Vom 16.8. bis 1.9.2024 fanden in Prag die Europ\u00e4ischen Jugendeinzelmeisterschaften statt. Von der VSG waren in der U10 Sepas und in der U18w Maja mit am Start. Beide hatten sich im Fr\u00fchjahr durch fordere Pl\u00e4tze bei den Deutschen Jugendeinzelmeisterschaften qualifiziert.<\/p>\n<div dir=\"auto\">Ein ganz besonderer Erfolg, Maja gewann die Silbermedaille im U18w L\u00f6sewettbewerb! \u00dcber den L\u00f6sewettbewerb berichtet Maja in einem eigenen <a href=\"https:\/\/www.schachbund.de\/news\/jugend-europameisterschaft-erste-medaillen-schon-da-werden-es-goldene-dsb-tage-in-der-goldenen-stadt.html\">Artikel<\/a> beim Deutschen Schachbund. Wir gratulieren ganz herzlich zu diesem ganz besonderen Erfolg!<\/div>\n<p>Im Hauptturnier war Maja durch einen Infekt erstmal gehandicappt. Sie hielt aber durch und schaffte mit 5,5\/9 angesichts der harten Konkurrenz ein sehr gutes Ergebnis und einen tollen Erfolg in ihrem letzten Jugendjahr.<\/p>\n<p>Auch Sepas machte den Zuschauern viel Freude. Mit 4,5\/9 schaffte auch er den 50% Schnitt und zeigte, dass er zu Recht den Platz auf dem internationalen Parkett verdient hatte.<\/p>\n<p>Wer alles nachvollziehen m\u00f6chte, die offizielle <a href=\"https:\/\/www.eycc2024.eu\/\">Turnierseite<\/a> der ECU bietet alle Links zu den Paarungen und Tabellen. Und nat\u00fcrlich sind dort auch die <a href=\"https:\/\/www.eycc2024.eu\/games\/live-coverage\/\">Links<\/a> zu den Partien und Teilnehmerfotos hinterlegt.<\/p>\n<p>Views: 151<\/p>","protected":false},"excerpt":{"rendered":"<p>Vom 16.8. bis 1.9.2024 fanden in Prag die Europ\u00e4ischen Jugendeinzelmeisterschaften statt. Von der VSG waren in der U10 Sepas und in der U18w Maja mit am Start. Beide hatten sich im Fr\u00fchjahr durch fordere Pl\u00e4tze bei den Deutschen Jugendeinzelmeisterschaften qualifiziert. Ein ganz besonderer Erfolg, Maja gewann die Silbermedaille im U18w L\u00f6sewettbewerb! \u00dcber den L\u00f6sewettbewerb berichtet <a class=\"more-link\" href=\"https:\/\/wp.vsg-1880-offenbach.de\/?p=12945\">weiterlesen&#8230;<\/a><\/p>\n","protected":false},"author":3,"featured_media":12989,"comment_status":"open","ping_status":"open","sticky":false,"template":"","format":"standard","meta":{"footnotes":""},"categories":[2,12],"tags":[],"class_list":["post-12945","post","type-post","status-publish","format-standard","has-post-thumbnail","hentry","category-aktuelles","category-jugend"],"_links":{"self":[{"href":"https:\/\/wp.vsg-1880-offenbach.de\/index.php?rest_route=\/wp\/v2\/posts\/12945","targetHints":{"allow":["GET"]}}],"collection":[{"href":"https:\/\/wp.vsg-1880-offenbach.de\/index.php?rest_route=\/wp\/v2\/posts"}],"about":[{"href":"https:\/\/wp.vsg-1880-offenbach.de\/index.php?rest_route=\/wp\/v2\/types\/post"}],"author":[{"embeddable":true,"href":"https:\/\/wp.vsg-1880-offenbach.de\/index.php?rest_route=\/wp\/v2\/users\/3"}],"replies":[{"embeddable":true,"href":"https:\/\/wp.vsg-1880-offenbach.de\/index.php?rest_route=%2Fwp%2Fv2%2Fcomments&post=12945"}],"version-history":[{"count":6,"href":"https:\/\/wp.vsg-1880-offenbach.de\/index.php?rest_route=\/wp\/v2\/posts\/12945\/revisions"}],"predecessor-version":[{"id":12993,"href":"https:\/\/wp.vsg-1880-offenbach.de\/index.php?rest_route=\/wp\/v2\/posts\/12945\/revisions\/12993"}],"wp:featuredmedia":[{"embeddable":true,"href":"https:\/\/wp.vsg-1880-offenbach.de\/index.php?rest_route=\/wp\/v2\/media\/12989"}],"wp:attachment":[{"href":"https:\/\/wp.vsg-1880-offenbach.de\/index.php?rest_route=%2Fwp%2Fv2%2Fmedia&parent=12945"}],"wp:term":[{"taxonomy":"category","embeddable":true,"href":"https:\/\/wp.vsg-1880-offenbach.de\/index.php?rest_route=%2Fwp%2Fv2%2Fcategories&post=12945"},{"taxonomy":"post_tag","embeddable":true,"href":"https:\/\/wp.vsg-1880-offenbach.de\/index.php?rest_route=%2Fwp%2Fv2%2Ftags&post=12945"}],"curies":[{"name":"wp","href":"https:\/\/api.w.org\/{rel}","templated":true}]}}