{"id":14378,"date":"2025-10-26T22:39:56","date_gmt":"2025-10-26T21:39:56","guid":{"rendered":"https:\/\/wp.vsg-1880-offenbach.de\/?p=14378"},"modified":"2025-10-26T22:46:40","modified_gmt":"2025-10-26T21:46:40","slug":"ligaspieltag-vsgo-i-und-ii-gewinnen-parallel-zur-jugendbezirksmeisterschaft-vsgo-v-verliert-knapp","status":"publish","type":"post","link":"https:\/\/wp.vsg-1880-offenbach.de\/?p=14378","title":{"rendered":"Ligaspieltag: VSGO I und II gewinnen parallel zur Jugendbezirksmeisterschaft &#8211; VSGO V verliert knapp"},"content":{"rendered":"<p>Die Jugendbezirksmeisterschaft war zwar das schachliche Highlight des Wochenendes, doch Bezirk wie Landesverband hatten es geschafft, zeitgleich noch Heimspiele f\u00fcr unsere 1., 2. und 5. Mannschaft anzusetzen. Ein paar Jugendliche mussten sich so zwischen Ligaspiel und Bezirksmeisterschaft entscheiden, sicherlich nicht ganz optimal.<\/p>\n<p>Im Vereinsheim spielte am Samstagabend die 5. Mannschaft in der Kreisoberliga gegen Bischofsheim 2. Alborz und Aras, die beide Pokale bei der Jugendbezirksmeisterschaft erspielten, wurden durch Andre und Stefan bestens vertreten. Beide holten zusammen 1,5 Punkte. Da Friedhelm und J\u00fcrgen jedoch nicht erh\u00f6hen konnten, ging die Partie knapp mit 1,5:2,5 verloren.<\/p>\n<p>Einen Tag sp\u00e4ter traten die VSGO I gegen den SK Baunatal 1 und die VSGO II gegen die SU M\u00fchlheim 1 im sch\u00f6nen Konferenzraum der Leibnizschule an. Unsere VSGO I in der Verbandsliga Nord war erstmals quasi in Bestbesetzung angetreten und lie\u00df nichts anbrennen. Der Gegner war allerdings leider auch nur zu f\u00fcnft angereist und wird so nicht die Klasse halten k\u00f6nnen. Florin und Michael spielten Remis, alle anderen konnten ihre Spiele gewinnen. Das deutliche 7:1 sp\u00fclte die VSGO I sogar erstmals an die Tabellenspitze. Allerdings sind in der Liga sechs Teams punktgleich, was auf eine noch sehr spannende Saison schlie\u00dfen l\u00e4sst, wenn es so ausgeglichen zugeht.<\/p>\n<div id=\"attachment_14377\" style=\"width: 790px\" class=\"wp-caption alignnone\"><img loading=\"lazy\" decoding=\"async\" aria-describedby=\"caption-attachment-14377\" class=\"size-large wp-image-14377\" src=\"https:\/\/wp.vsg-1880-offenbach.de\/wp-content\/uploads\/2025\/10\/20251026_183528-1024x768.jpg\" alt=\"\" width=\"780\" height=\"585\" srcset=\"https:\/\/wp.vsg-1880-offenbach.de\/wp-content\/uploads\/2025\/10\/20251026_183528-1024x768.jpg 1024w, https:\/\/wp.vsg-1880-offenbach.de\/wp-content\/uploads\/2025\/10\/20251026_183528-300x225.jpg 300w, https:\/\/wp.vsg-1880-offenbach.de\/wp-content\/uploads\/2025\/10\/20251026_183528-768x576.jpg 768w, https:\/\/wp.vsg-1880-offenbach.de\/wp-content\/uploads\/2025\/10\/20251026_183528-1536x1152.jpg 1536w, https:\/\/wp.vsg-1880-offenbach.de\/wp-content\/uploads\/2025\/10\/20251026_183528-2048x1536.jpg 2048w\" sizes=\"auto, (max-width: 780px) 100vw, 780px\" \/><p id=\"caption-attachment-14377\" class=\"wp-caption-text\">Lothar spielte am l\u00e4ngsten<\/p><\/div>\n<p>Enger ging es bei der VSGO II zu. Hier waren mehrere Stammspieler nicht angetreten, so dass Mirsad, Marco, David und Paya aushalfen. All vier spielten wie auch Sepas am Spitzenbrett Remis. Tom gewann, Leonore verlor. Somit hing das Gesamtergebnis an Lothar, der die l\u00e4ngste Partie des Tages spielen sollte. Zum Gl\u00fcck gab es ein Happy End, Lothar gewann zum 4,5:3,5 Endstand. Zwar reklamierte M\u00fchlheim eine Uhr, die trotz korrekter Programmauswahl eine zu geringe Zuschlagszeit nach dem 40. Zug anzeigte. Da das aber erkannt und korrigiert wurde, war alles wieder in Ordnung. Die VSGO II verbesserte sich auf den achtbaren f\u00fcnften Tabellenplatz in der Landesklasse Ost.<\/p>\n<p>Views: 172<\/p>","protected":false},"excerpt":{"rendered":"<p>Die Jugendbezirksmeisterschaft war zwar das schachliche Highlight des Wochenendes, doch Bezirk wie Landesverband hatten es geschafft, zeitgleich noch Heimspiele f\u00fcr unsere 1., 2. und 5. Mannschaft anzusetzen. Ein paar Jugendliche mussten sich so zwischen Ligaspiel und Bezirksmeisterschaft entscheiden, sicherlich nicht ganz optimal. Im Vereinsheim spielte am Samstagabend die 5. Mannschaft in der Kreisoberliga gegen Bischofsheim <a class=\"more-link\" href=\"https:\/\/wp.vsg-1880-offenbach.de\/?p=14378\">weiterlesen&#8230;<\/a><\/p>\n","protected":false},"author":3,"featured_media":14376,"comment_status":"open","ping_status":"open","sticky":false,"template":"","format":"standard","meta":{"footnotes":""},"categories":[2,11],"tags":[],"class_list":["post-14378","post","type-post","status-publish","format-standard","has-post-thumbnail","hentry","category-aktuelles","category-mannschaften"],"_links":{"self":[{"href":"https:\/\/wp.vsg-1880-offenbach.de\/index.php?rest_route=\/wp\/v2\/posts\/14378","targetHints":{"allow":["GET"]}}],"collection":[{"href":"https:\/\/wp.vsg-1880-offenbach.de\/index.php?rest_route=\/wp\/v2\/posts"}],"about":[{"href":"https:\/\/wp.vsg-1880-offenbach.de\/index.php?rest_route=\/wp\/v2\/types\/post"}],"author":[{"embeddable":true,"href":"https:\/\/wp.vsg-1880-offenbach.de\/index.php?rest_route=\/wp\/v2\/users\/3"}],"replies":[{"embeddable":true,"href":"https:\/\/wp.vsg-1880-offenbach.de\/index.php?rest_route=%2Fwp%2Fv2%2Fcomments&post=14378"}],"version-history":[{"count":3,"href":"https:\/\/wp.vsg-1880-offenbach.de\/index.php?rest_route=\/wp\/v2\/posts\/14378\/revisions"}],"predecessor-version":[{"id":14381,"href":"https:\/\/wp.vsg-1880-offenbach.de\/index.php?rest_route=\/wp\/v2\/posts\/14378\/revisions\/14381"}],"wp:featuredmedia":[{"embeddable":true,"href":"https:\/\/wp.vsg-1880-offenbach.de\/index.php?rest_route=\/wp\/v2\/media\/14376"}],"wp:attachment":[{"href":"https:\/\/wp.vsg-1880-offenbach.de\/index.php?rest_route=%2Fwp%2Fv2%2Fmedia&parent=14378"}],"wp:term":[{"taxonomy":"category","embeddable":true,"href":"https:\/\/wp.vsg-1880-offenbach.de\/index.php?rest_route=%2Fwp%2Fv2%2Fcategories&post=14378"},{"taxonomy":"post_tag","embeddable":true,"href":"https:\/\/wp.vsg-1880-offenbach.de\/index.php?rest_route=%2Fwp%2Fv2%2Ftags&post=14378"}],"curies":[{"name":"wp","href":"https:\/\/api.w.org\/{rel}","templated":true}]}}