{"id":15427,"date":"2026-09-05T11:47:11","date_gmt":"2026-09-05T09:47:11","guid":{"rendered":"https:\/\/wp.vsg-1880-offenbach.de\/?p=15427"},"modified":"2026-09-05T11:47:11","modified_gmt":"2026-09-05T09:47:11","slug":"ehrung-von-elmar-werner","status":"publish","type":"post","link":"https:\/\/wp.vsg-1880-offenbach.de\/?p=15427","title":{"rendered":"Ehrung von Elmar Werner"},"content":{"rendered":"<p>Beim diesj\u00e4hrigen Sommerfest der VSGO nutzte der Vorstand die Gelegenheit, um Elmar Werner f\u00fcr sein langj\u00e4hriges Engagement im Verein zu danken. \u00dcberreicht wurden ein Geschenkkorb und eine sch\u00f6ne Karte, aus der ich gerne zitiere:<\/p>\n<p>\u00bbLieber Elmar, von Herzen Danke f\u00fcr deinen unerm\u00fcdlichen Einsatz f\u00fcr unsere Jugend und daf\u00fcr, dass du auch dar\u00fcber hinaus immer mit anpackst, wo Unterst\u00fctzung gebraucht wird. Dein Engagement, deine Verl\u00e4sslichkeit und die viele Zeit, die du unserem Verein schenkst, sind alles andere als selbstverst\u00e4ndlich. Sie werden gesehen, gesch\u00e4tzt und machen einen echten Unterschied \u2013 f\u00fcr die Kinder und Jugendlichen ebenso wie f\u00fcr uns alle. Dieser kleine Pr\u00e4sentkorb soll deshalb vor allem eines sein: ein Zeichen unserer Wertsch\u00e4tzung und ein herzliches Dankesch\u00f6n f\u00fcr alles, was du f\u00fcr die OVSG tust. Mit herzlichen Gr\u00fc\u00dfen, dein Vorstand.\u00ab<\/p>\n<div id=\"attachment_15424\" style=\"width: 790px\" class=\"wp-caption alignnone\"><a href=\"https:\/\/wp.vsg-1880-offenbach.de\/wp-content\/uploads\/2026\/09\/Elmar-Ehrung-2.jpg\"><img loading=\"lazy\" decoding=\"async\" aria-describedby=\"caption-attachment-15424\" class=\"wp-image-15424 size-large\" src=\"https:\/\/wp.vsg-1880-offenbach.de\/wp-content\/uploads\/2026\/09\/Elmar-Ehrung-2-1024x769.jpg\" alt=\"\" width=\"780\" height=\"586\" srcset=\"https:\/\/wp.vsg-1880-offenbach.de\/wp-content\/uploads\/2026\/09\/Elmar-Ehrung-2-1024x769.jpg 1024w, https:\/\/wp.vsg-1880-offenbach.de\/wp-content\/uploads\/2026\/09\/Elmar-Ehrung-2-300x225.jpg 300w, https:\/\/wp.vsg-1880-offenbach.de\/wp-content\/uploads\/2026\/09\/Elmar-Ehrung-2-768x576.jpg 768w, https:\/\/wp.vsg-1880-offenbach.de\/wp-content\/uploads\/2026\/09\/Elmar-Ehrung-2-1536x1153.jpg 1536w, https:\/\/wp.vsg-1880-offenbach.de\/wp-content\/uploads\/2026\/09\/Elmar-Ehrung-2.jpg 2048w\" sizes=\"auto, (max-width: 780px) 100vw, 780px\" \/><\/a><p id=\"caption-attachment-15424\" class=\"wp-caption-text\">Wolfgang und David \u00fcberreichen den Geschenkkorb<\/p><\/div>\n<p>Anschlie\u00dfend klang der Nachmittag mit Grillen und Picknick gem\u00fctlich aus.<\/p>\n<div id=\"attachment_15426\" style=\"width: 790px\" class=\"wp-caption alignnone\"><a href=\"https:\/\/wp.vsg-1880-offenbach.de\/wp-content\/uploads\/2026\/09\/SommerGruppe.jpg\"><img loading=\"lazy\" decoding=\"async\" aria-describedby=\"caption-attachment-15426\" class=\"wp-image-15426 size-large\" src=\"https:\/\/wp.vsg-1880-offenbach.de\/wp-content\/uploads\/2026\/09\/SommerGruppe-1024x769.jpg\" alt=\"\" width=\"780\" height=\"586\" srcset=\"https:\/\/wp.vsg-1880-offenbach.de\/wp-content\/uploads\/2026\/09\/SommerGruppe-1024x769.jpg 1024w, https:\/\/wp.vsg-1880-offenbach.de\/wp-content\/uploads\/2026\/09\/SommerGruppe-300x225.jpg 300w, https:\/\/wp.vsg-1880-offenbach.de\/wp-content\/uploads\/2026\/09\/SommerGruppe-768x576.jpg 768w, https:\/\/wp.vsg-1880-offenbach.de\/wp-content\/uploads\/2026\/09\/SommerGruppe-1536x1153.jpg 1536w, https:\/\/wp.vsg-1880-offenbach.de\/wp-content\/uploads\/2026\/09\/SommerGruppe.jpg 2048w\" sizes=\"auto, (max-width: 780px) 100vw, 780px\" \/><\/a><p id=\"caption-attachment-15426\" class=\"wp-caption-text\">Hungrige Schachspieler<\/p><\/div>\n<p>Views: 5<\/p>","protected":false},"excerpt":{"rendered":"<p>Beim diesj\u00e4hrigen Sommerfest der VSGO nutzte der Vorstand die Gelegenheit, um Elmar Werner f\u00fcr sein langj\u00e4hriges Engagement im Verein zu danken. \u00dcberreicht wurden ein Geschenkkorb und eine sch\u00f6ne Karte, aus der ich gerne zitiere: \u00bbLieber Elmar, von Herzen Danke f\u00fcr deinen unerm\u00fcdlichen Einsatz f\u00fcr unsere Jugend und daf\u00fcr, dass du auch dar\u00fcber hinaus immer mit <a class=\"more-link\" href=\"https:\/\/wp.vsg-1880-offenbach.de\/?p=15427\">weiterlesen&#8230;<\/a><\/p>\n","protected":false},"author":10,"featured_media":15425,"comment_status":"open","ping_status":"open","sticky":false,"template":"","format":"standard","meta":{"footnotes":""},"categories":[2,9],"tags":[],"class_list":["post-15427","post","type-post","status-publish","format-standard","has-post-thumbnail","hentry","category-aktuelles","category-verein"],"_links":{"self":[{"href":"https:\/\/wp.vsg-1880-offenbach.de\/index.php?rest_route=\/wp\/v2\/posts\/15427","targetHints":{"allow":["GET"]}}],"collection":[{"href":"https:\/\/wp.vsg-1880-offenbach.de\/index.php?rest_route=\/wp\/v2\/posts"}],"about":[{"href":"https:\/\/wp.vsg-1880-offenbach.de\/index.php?rest_route=\/wp\/v2\/types\/post"}],"author":[{"embeddable":true,"href":"https:\/\/wp.vsg-1880-offenbach.de\/index.php?rest_route=\/wp\/v2\/users\/10"}],"replies":[{"embeddable":true,"href":"https:\/\/wp.vsg-1880-offenbach.de\/index.php?rest_route=%2Fwp%2Fv2%2Fcomments&post=15427"}],"version-history":[{"count":1,"href":"https:\/\/wp.vsg-1880-offenbach.de\/index.php?rest_route=\/wp\/v2\/posts\/15427\/revisions"}],"predecessor-version":[{"id":15428,"href":"https:\/\/wp.vsg-1880-offenbach.de\/index.php?rest_route=\/wp\/v2\/posts\/15427\/revisions\/15428"}],"wp:featuredmedia":[{"embeddable":true,"href":"https:\/\/wp.vsg-1880-offenbach.de\/index.php?rest_route=\/wp\/v2\/media\/15425"}],"wp:attachment":[{"href":"https:\/\/wp.vsg-1880-offenbach.de\/index.php?rest_route=%2Fwp%2Fv2%2Fmedia&parent=15427"}],"wp:term":[{"taxonomy":"category","embeddable":true,"href":"https:\/\/wp.vsg-1880-offenbach.de\/index.php?rest_route=%2Fwp%2Fv2%2Fcategories&post=15427"},{"taxonomy":"post_tag","embeddable":true,"href":"https:\/\/wp.vsg-1880-offenbach.de\/index.php?rest_route=%2Fwp%2Fv2%2Ftags&post=15427"}],"curies":[{"name":"wp","href":"https:\/\/api.w.org\/{rel}","templated":true}]}}