{"id":2987,"date":"2018-08-07T16:24:10","date_gmt":"2018-08-07T14:24:10","guid":{"rendered":"http:\/\/wp.vsg-1880-offenbach.de\/?p=2987"},"modified":"2018-08-07T16:36:53","modified_gmt":"2018-08-07T14:36:53","slug":"wir-gratulieren-hagen-poetsch-zum-grossmeistertitel","status":"publish","type":"post","link":"https:\/\/wp.vsg-1880-offenbach.de\/?p=2987","title":{"rendered":"Wir gratulieren Hagen Poetsch zum Gro\u00dfmeistertitel!"},"content":{"rendered":"<p>Viele Vereinsmitglieder werden sich noch an die Offenbacher Zeit von Hagen Poetsch erinnern. Als Jugendlicher war er bei uns im Verein u.a. in der damaligen Oberligamannschaft aktiv und gewann 2009 als VSG-Mitglied die Deutsche Jugendeinzelmeisterschaft in Willingen. Ein <a href=\"http:\/\/wp.vsg-1880-offenbach.de\/?p=1107\" target=\"_blank\" rel=\"noopener\">Presseartikel<\/a> in der Offenbach Post zeugt noch davon.<\/p>\n<p>Mit dem Umzug der Familie nach Sch\u00f6neck endete Hagens Offenbacher Zeit 2010. Acht Jahre sp\u00e4ter und nach Vereinsstationen in Sch\u00f6neck, Wiesbaden und Heusenstamm wurde Hagen nun im August 2018 offiziell von der FIDE zum Gro\u00dfmeister, dem h\u00f6chsten Titel im Schach, ernannt. Wir gratulieren herzlich zu diesem gro\u00dfartigen Erfolg!<\/p>\n<p>Das <a href=\"https:\/\/www.schachbund.de\/spielbetrieb-news\/dem-in-dresden-grossmeisterlicher-zuwachs.html\" target=\"_blank\" rel=\"noopener\">Foto von Karsten Wieland<\/a> zeigt Hagen Poetsch tagesaktuell bei der Deutschen Meisterschaft am 7.8.2018 in Dresden, bei der Bundesturnierdirektor Ralph Alt Hagen Poetsch offiziell zum Titel gratuliert. F\u00fcr den weiteren Verlauf der Deutschen Einzelmeisterschaft dr\u00fccken wir ebenfalls alle Daumen.<\/p>\n<p>&nbsp;<\/p>\n<p>&nbsp;<\/p>\n<p>&nbsp;<\/p>\n<p>&nbsp;<\/p>\n<p>Views: 204<\/p>","protected":false},"excerpt":{"rendered":"<p>Viele Vereinsmitglieder werden sich noch an die Offenbacher Zeit von Hagen Poetsch erinnern. Als Jugendlicher war er bei uns im Verein u.a. in der damaligen Oberligamannschaft aktiv und gewann 2009 als VSG-Mitglied die Deutsche Jugendeinzelmeisterschaft in Willingen. Ein Presseartikel in der Offenbach Post zeugt noch davon. Mit dem Umzug der Familie nach Sch\u00f6neck endete Hagens <a class=\"more-link\" href=\"https:\/\/wp.vsg-1880-offenbach.de\/?p=2987\">weiterlesen&#8230;<\/a><\/p>\n","protected":false},"author":3,"featured_media":2988,"comment_status":"open","ping_status":"open","sticky":false,"template":"","format":"standard","meta":{"footnotes":""},"categories":[2,9],"tags":[],"class_list":["post-2987","post","type-post","status-publish","format-standard","has-post-thumbnail","hentry","category-aktuelles","category-verein"],"_links":{"self":[{"href":"https:\/\/wp.vsg-1880-offenbach.de\/index.php?rest_route=\/wp\/v2\/posts\/2987","targetHints":{"allow":["GET"]}}],"collection":[{"href":"https:\/\/wp.vsg-1880-offenbach.de\/index.php?rest_route=\/wp\/v2\/posts"}],"about":[{"href":"https:\/\/wp.vsg-1880-offenbach.de\/index.php?rest_route=\/wp\/v2\/types\/post"}],"author":[{"embeddable":true,"href":"https:\/\/wp.vsg-1880-offenbach.de\/index.php?rest_route=\/wp\/v2\/users\/3"}],"replies":[{"embeddable":true,"href":"https:\/\/wp.vsg-1880-offenbach.de\/index.php?rest_route=%2Fwp%2Fv2%2Fcomments&post=2987"}],"version-history":[{"count":2,"href":"https:\/\/wp.vsg-1880-offenbach.de\/index.php?rest_route=\/wp\/v2\/posts\/2987\/revisions"}],"predecessor-version":[{"id":2990,"href":"https:\/\/wp.vsg-1880-offenbach.de\/index.php?rest_route=\/wp\/v2\/posts\/2987\/revisions\/2990"}],"wp:featuredmedia":[{"embeddable":true,"href":"https:\/\/wp.vsg-1880-offenbach.de\/index.php?rest_route=\/wp\/v2\/media\/2988"}],"wp:attachment":[{"href":"https:\/\/wp.vsg-1880-offenbach.de\/index.php?rest_route=%2Fwp%2Fv2%2Fmedia&parent=2987"}],"wp:term":[{"taxonomy":"category","embeddable":true,"href":"https:\/\/wp.vsg-1880-offenbach.de\/index.php?rest_route=%2Fwp%2Fv2%2Fcategories&post=2987"},{"taxonomy":"post_tag","embeddable":true,"href":"https:\/\/wp.vsg-1880-offenbach.de\/index.php?rest_route=%2Fwp%2Fv2%2Ftags&post=2987"}],"curies":[{"name":"wp","href":"https:\/\/api.w.org\/{rel}","templated":true}]}}