{"id":3831,"date":"2018-11-30T15:17:56","date_gmt":"2018-11-30T14:17:56","guid":{"rendered":"http:\/\/wp.vsg-1880-offenbach.de\/?p=3831"},"modified":"2018-11-30T15:53:23","modified_gmt":"2018-11-30T14:53:23","slug":"carsten-theuer-holt-35-punkten-bei-der-senioren-wm","status":"publish","type":"post","link":"https:\/\/wp.vsg-1880-offenbach.de\/?p=3831","title":{"rendered":"Carsten Theuer holt 3,5 Punkte bei der Senioren WM"},"content":{"rendered":"<p>Mutig wagte sich Carsten Theuer nach der Seniorenmannschaftsweltmeisterschaft im Sommer in Radebeul nun auch im Einzel auf das internationale Parket. Unser Stammspieler in der 2. Mannschaft nahm vom 17. bis zum 30. November 2018 an der 50+ Weltmeisterschaft in Bled in Slowenien teil. In dem mit zehn Gro\u00dfmeistern und weiteren Titeltr\u00e4gern gespickten Turnier hatte Carsten von vorneherein nur Au\u00dfenseiterchancen. Das Motto &#8222;dabei sein ist alles&#8220; sollte im Vordergrund stehen. In den elf Partien konnte Carsten erfreuliche 3,5 Punkte\u00a0einsammeln. Das reichte zum Endstand auf Platz 90 unter den mehr als 100 schachbegeisterten Startern dieser Altersgruppe, ein mehr als respektables Ergebnis! Die ganze VSG freut sich mit Carsten \u00fcber den sportlich mutigen Auftritt.<\/p>\n<p>Auf der <a href=\"http:\/\/wscc2018.european-chessacademy.com\/index.php\/en\/\" target=\"_blank\" rel=\"noopener\">Veranstalterseite <\/a>gibt es auch nach Turnierende\u00a0noch alle Informationen zu den Teilnehmern und Spielergebnissen, Fotos, die einzelnen Partien sowie auch die Links zu den Livebrettern, an denen Carsten auch eine Runde spielen durfte. Wer sich direkt \u00fcber <a href=\"http:\/\/chess-results.com\/tnr361547.aspx?lan=1&amp;art=9&amp;fedb=GER&amp;fed=GER&amp;turdet=YES&amp;flag=30&amp;snr=66\" target=\"_blank\" rel=\"noopener\">Carstens Ergebnisse<\/a> informieren m\u00f6chte findet hier die Abk\u00fcrzung zu den Resultaten.<\/p>\n<p>Views: 383<\/p>","protected":false},"excerpt":{"rendered":"<p>Mutig wagte sich Carsten Theuer nach der Seniorenmannschaftsweltmeisterschaft im Sommer in Radebeul nun auch im Einzel auf das internationale Parket. Unser Stammspieler in der 2. Mannschaft nahm vom 17. bis zum 30. November 2018 an der 50+ Weltmeisterschaft in Bled in Slowenien teil. In dem mit zehn Gro\u00dfmeistern und weiteren Titeltr\u00e4gern gespickten Turnier hatte Carsten <a class=\"more-link\" href=\"https:\/\/wp.vsg-1880-offenbach.de\/?p=3831\">weiterlesen&#8230;<\/a><\/p>\n","protected":false},"author":3,"featured_media":3830,"comment_status":"open","ping_status":"open","sticky":false,"template":"","format":"standard","meta":{"footnotes":""},"categories":[2,14],"tags":[],"class_list":["post-3831","post","type-post","status-publish","format-standard","has-post-thumbnail","hentry","category-aktuelles","category-turniere"],"_links":{"self":[{"href":"https:\/\/wp.vsg-1880-offenbach.de\/index.php?rest_route=\/wp\/v2\/posts\/3831","targetHints":{"allow":["GET"]}}],"collection":[{"href":"https:\/\/wp.vsg-1880-offenbach.de\/index.php?rest_route=\/wp\/v2\/posts"}],"about":[{"href":"https:\/\/wp.vsg-1880-offenbach.de\/index.php?rest_route=\/wp\/v2\/types\/post"}],"author":[{"embeddable":true,"href":"https:\/\/wp.vsg-1880-offenbach.de\/index.php?rest_route=\/wp\/v2\/users\/3"}],"replies":[{"embeddable":true,"href":"https:\/\/wp.vsg-1880-offenbach.de\/index.php?rest_route=%2Fwp%2Fv2%2Fcomments&post=3831"}],"version-history":[{"count":3,"href":"https:\/\/wp.vsg-1880-offenbach.de\/index.php?rest_route=\/wp\/v2\/posts\/3831\/revisions"}],"predecessor-version":[{"id":3835,"href":"https:\/\/wp.vsg-1880-offenbach.de\/index.php?rest_route=\/wp\/v2\/posts\/3831\/revisions\/3835"}],"wp:featuredmedia":[{"embeddable":true,"href":"https:\/\/wp.vsg-1880-offenbach.de\/index.php?rest_route=\/wp\/v2\/media\/3830"}],"wp:attachment":[{"href":"https:\/\/wp.vsg-1880-offenbach.de\/index.php?rest_route=%2Fwp%2Fv2%2Fmedia&parent=3831"}],"wp:term":[{"taxonomy":"category","embeddable":true,"href":"https:\/\/wp.vsg-1880-offenbach.de\/index.php?rest_route=%2Fwp%2Fv2%2Fcategories&post=3831"},{"taxonomy":"post_tag","embeddable":true,"href":"https:\/\/wp.vsg-1880-offenbach.de\/index.php?rest_route=%2Fwp%2Fv2%2Ftags&post=3831"}],"curies":[{"name":"wp","href":"https:\/\/api.w.org\/{rel}","templated":true}]}}