{"id":827,"date":"2012-06-24T15:59:41","date_gmt":"2012-06-24T13:59:41","guid":{"rendered":"http:\/\/wp.vsg-1880-offenbach.de\/?p=827"},"modified":"2018-06-28T16:02:15","modified_gmt":"2018-06-28T14:02:15","slug":"erneut-ein-2-platz-fuer-die-vsg-jugend","status":"publish","type":"post","link":"https:\/\/wp.vsg-1880-offenbach.de\/?p=827","title":{"rendered":"Erneut ein 2. Platz f\u00fcr die VSG-Jugend"},"content":{"rendered":"<p>(EW) Am Sonntag, den 17.6.2012, fanden bereits zum 23. Mal die <a href=\"https:\/\/3c.web.de\/mail\/client\/dereferrer?redirectUrl=http%3A%2F%2Fwww.schach-erlensee.de%2Fergebnisse.html&amp;selection=tfol11a57376d5bc0afe\" target=\"_blank\" rel=\"noopener\">Erlensee Open<\/a> des Schachvereins Erlensee e.V. f\u00fcr Kinder und Jugendliche statt. Mit Sebastian und Tim (U12), Leonard (U10) sowie Noah (U8) war die VSG gleich in drei Altersgruppen vertreten. Die Erlensee Open sind traditionell ein sehr gut besetztes Turnier. Umso h\u00f6her ist der Erfolg von Sebastian in der U12 zu werten. Mit 7 von 9 m\u00f6glichen Punkten wurde er hervorragender Zweiter unter den 34 Teilnehmern in dieser Altersgruppe und wurde mit einem sch\u00f6nen Pokal belohnt (siehe Foto).<\/p>\n<p><img loading=\"lazy\" decoding=\"async\" src=\"http:\/\/www.vsg-1880-offenbach.de\/images\/Sebastian bei den Erlensee Open 2012.jpg\" width=\"369\" height=\"246\" border=\"0\" \/> Sebastian (links) freut sich \u00fcber den 2. Platz bei den Erlensee Open 2012<\/p>\n<p>Aber auch Tim (4\/9), Leonard (3,5\/9) und Noah (5,5\/9) zeigten, dass man mit ihnen rechnen muss. Alle Ergebnisse und Bilder finden sich \u00fcbrigens auf der Homepage des <a href=\"https:\/\/3c.web.de\/mail\/client\/dereferrer?redirectUrl=http%3A%2F%2Fwww.schach-erlensee.de%2Ferlensee-open.html&amp;selection=tfol11a57376d5bc0afe\" target=\"_blank\" rel=\"noopener\">Schachvereins Erlensee e.V.<\/a>. Bei den 24. Erlensee Open 2013 am 16.06.2013 sind wir sicherlich wieder mit dabei!<\/p>\n<p>Views: 50<\/p>","protected":false},"excerpt":{"rendered":"<p>(EW) Am Sonntag, den 17.6.2012, fanden bereits zum 23. Mal die Erlensee Open des Schachvereins Erlensee e.V. f\u00fcr Kinder und Jugendliche statt. Mit Sebastian und Tim (U12), Leonard (U10) sowie Noah (U8) war die VSG gleich in drei Altersgruppen vertreten. Die Erlensee Open sind traditionell ein sehr gut besetztes Turnier. Umso h\u00f6her ist der Erfolg <a class=\"more-link\" href=\"https:\/\/wp.vsg-1880-offenbach.de\/?p=827\">weiterlesen&#8230;<\/a><\/p>\n","protected":false},"author":1,"featured_media":818,"comment_status":"open","ping_status":"open","sticky":false,"template":"","format":"standard","meta":{"footnotes":""},"categories":[2,12],"tags":[],"class_list":["post-827","post","type-post","status-publish","format-standard","has-post-thumbnail","hentry","category-aktuelles","category-jugend"],"_links":{"self":[{"href":"https:\/\/wp.vsg-1880-offenbach.de\/index.php?rest_route=\/wp\/v2\/posts\/827","targetHints":{"allow":["GET"]}}],"collection":[{"href":"https:\/\/wp.vsg-1880-offenbach.de\/index.php?rest_route=\/wp\/v2\/posts"}],"about":[{"href":"https:\/\/wp.vsg-1880-offenbach.de\/index.php?rest_route=\/wp\/v2\/types\/post"}],"author":[{"embeddable":true,"href":"https:\/\/wp.vsg-1880-offenbach.de\/index.php?rest_route=\/wp\/v2\/users\/1"}],"replies":[{"embeddable":true,"href":"https:\/\/wp.vsg-1880-offenbach.de\/index.php?rest_route=%2Fwp%2Fv2%2Fcomments&post=827"}],"version-history":[{"count":1,"href":"https:\/\/wp.vsg-1880-offenbach.de\/index.php?rest_route=\/wp\/v2\/posts\/827\/revisions"}],"predecessor-version":[{"id":829,"href":"https:\/\/wp.vsg-1880-offenbach.de\/index.php?rest_route=\/wp\/v2\/posts\/827\/revisions\/829"}],"wp:featuredmedia":[{"embeddable":true,"href":"https:\/\/wp.vsg-1880-offenbach.de\/index.php?rest_route=\/wp\/v2\/media\/818"}],"wp:attachment":[{"href":"https:\/\/wp.vsg-1880-offenbach.de\/index.php?rest_route=%2Fwp%2Fv2%2Fmedia&parent=827"}],"wp:term":[{"taxonomy":"category","embeddable":true,"href":"https:\/\/wp.vsg-1880-offenbach.de\/index.php?rest_route=%2Fwp%2Fv2%2Fcategories&post=827"},{"taxonomy":"post_tag","embeddable":true,"href":"https:\/\/wp.vsg-1880-offenbach.de\/index.php?rest_route=%2Fwp%2Fv2%2Ftags&post=827"}],"curies":[{"name":"wp","href":"https:\/\/api.w.org\/{rel}","templated":true}]}}