{"id":9169,"date":"2022-03-10T10:55:07","date_gmt":"2022-03-10T09:55:07","guid":{"rendered":"http:\/\/wp.vsg-1880-offenbach.de\/?p=9169"},"modified":"2022-03-10T10:55:08","modified_gmt":"2022-03-10T09:55:08","slug":"tom-werner-wurde-zum-jugendsprecher-der-dsj-gewaehlt","status":"publish","type":"post","link":"https:\/\/wp.vsg-1880-offenbach.de\/?p=9169","title":{"rendered":"Tom Werner wurde zum Jugendsprecher der DSJ gew\u00e4hlt"},"content":{"rendered":"\n<p>Am vergangenen Wochenende fand in Berlin die Jugendversammlung der Deutschen Schachjugend (DSJ) statt. Unser Jugendtrainer Tom wurde dabei ohne Gegenstimmen zum neuen Jugendsprecher der DSJ gew\u00e4hlt. Wir w\u00fcnschen Tom viel Spa\u00df und Erfolg bei diesem sch\u00f6nen Amt.<\/p>\n\n\n\n<p>Chessy von der DSJ hat mit Tom ein ausf\u00fchrliches Interview gef\u00fchrt. nachlesen kann man es <a href=\"https:\/\/www.deutsche-schachjugend.de\/news\/2022\/interview-mit-unserem-neuen-jugendsprecher-tom-werner\/\" target=\"_blank\" rel=\"noreferrer noopener\">hier<\/a>.<\/p>\n<p>Views: 149<\/p>","protected":false},"excerpt":{"rendered":"<p>Am vergangenen Wochenende fand in Berlin die Jugendversammlung der Deutschen Schachjugend (DSJ) statt. Unser Jugendtrainer Tom wurde dabei ohne Gegenstimmen zum neuen Jugendsprecher der DSJ gew\u00e4hlt. Wir w\u00fcnschen Tom viel Spa\u00df und Erfolg bei diesem sch\u00f6nen Amt. Chessy von der DSJ hat mit Tom ein ausf\u00fchrliches Interview gef\u00fchrt. nachlesen kann man es hier. Views: 149<\/p>\n","protected":false},"author":3,"featured_media":8617,"comment_status":"open","ping_status":"open","sticky":false,"template":"","format":"standard","meta":{"footnotes":""},"categories":[2,12],"tags":[],"class_list":["post-9169","post","type-post","status-publish","format-standard","has-post-thumbnail","hentry","category-aktuelles","category-jugend"],"_links":{"self":[{"href":"https:\/\/wp.vsg-1880-offenbach.de\/index.php?rest_route=\/wp\/v2\/posts\/9169","targetHints":{"allow":["GET"]}}],"collection":[{"href":"https:\/\/wp.vsg-1880-offenbach.de\/index.php?rest_route=\/wp\/v2\/posts"}],"about":[{"href":"https:\/\/wp.vsg-1880-offenbach.de\/index.php?rest_route=\/wp\/v2\/types\/post"}],"author":[{"embeddable":true,"href":"https:\/\/wp.vsg-1880-offenbach.de\/index.php?rest_route=\/wp\/v2\/users\/3"}],"replies":[{"embeddable":true,"href":"https:\/\/wp.vsg-1880-offenbach.de\/index.php?rest_route=%2Fwp%2Fv2%2Fcomments&post=9169"}],"version-history":[{"count":1,"href":"https:\/\/wp.vsg-1880-offenbach.de\/index.php?rest_route=\/wp\/v2\/posts\/9169\/revisions"}],"predecessor-version":[{"id":9170,"href":"https:\/\/wp.vsg-1880-offenbach.de\/index.php?rest_route=\/wp\/v2\/posts\/9169\/revisions\/9170"}],"wp:featuredmedia":[{"embeddable":true,"href":"https:\/\/wp.vsg-1880-offenbach.de\/index.php?rest_route=\/wp\/v2\/media\/8617"}],"wp:attachment":[{"href":"https:\/\/wp.vsg-1880-offenbach.de\/index.php?rest_route=%2Fwp%2Fv2%2Fmedia&parent=9169"}],"wp:term":[{"taxonomy":"category","embeddable":true,"href":"https:\/\/wp.vsg-1880-offenbach.de\/index.php?rest_route=%2Fwp%2Fv2%2Fcategories&post=9169"},{"taxonomy":"post_tag","embeddable":true,"href":"https:\/\/wp.vsg-1880-offenbach.de\/index.php?rest_route=%2Fwp%2Fv2%2Ftags&post=9169"}],"curies":[{"name":"wp","href":"https:\/\/api.w.org\/{rel}","templated":true}]}}