{"id":921,"date":"2013-12-24T11:45:02","date_gmt":"2013-12-24T10:45:02","guid":{"rendered":"http:\/\/wp.vsg-1880-offenbach.de\/?p=921"},"modified":"2018-06-29T13:20:10","modified_gmt":"2018-06-29T11:20:10","slug":"12-schuelermannschaft-ueberwintert-auf-2-platz","status":"publish","type":"post","link":"https:\/\/wp.vsg-1880-offenbach.de\/?p=921","title":{"rendered":"U12 Sch\u00fclermannschaft &#8222;\u00fcberwintert&#8220; auf 2. Platz"},"content":{"rendered":"<div>(al) Dank eines ungef\u00e4hrdeten 3:1 gegen Friedberg 1 rangiert unsere U12-Sch\u00fclermannschaft nun in der Sch\u00fclerliga mit zwei Siegen und einem Remis hinter dem verlustpunktfreien Tabellenf\u00fchrer &#8222;Rochade 69 Diez&#8220; auf einem hervorragenden zweiten Platz. Leider blieb in der Partie gegen Friedberg unser erstes Brett unbesetzt, was den verloren Punkt erkl\u00e4rt. Daf\u00fcr kam Kolya erstmals in der Mannschaft zum Einsatz, was gleich mit einem Punktgewinn belohnt wurde. Auch Dominik und Benedikt konnten punkten, so dass der Sieg v\u00f6llig verdient eingefahren wurde. Marc\u00a0nahm erstmals an einem Mannschaftspiel teil, allerdings war er noch nicht f\u00fcr die Liga spielberechtigt, so dass es hier bei einem &#8222;Trainingsspiel&#8220; blieb.<\/div>\n<div>Weiter geht es in der Sch\u00fclerliga am Sonntag, den 2.2.2014, um 14 Uhr mit einem Heimspiel gegen Friedberg 2.<\/div>\n<div><img loading=\"lazy\" decoding=\"async\" src=\"http:\/\/www.vsg-1880-offenbach.de\/images\/WP_20131123_008.jpg\" width=\"291\" height=\"516\" border=\"0\" \/> <img loading=\"lazy\" decoding=\"async\" src=\"http:\/\/www.vsg-1880-offenbach.de\/images\/WP_20131123_012.jpg\" width=\"615\" height=\"345\" border=\"0\" \/><\/div>\n<p>Views: 35<\/p>","protected":false},"excerpt":{"rendered":"<p>(al) Dank eines ungef\u00e4hrdeten 3:1 gegen Friedberg 1 rangiert unsere U12-Sch\u00fclermannschaft nun in der Sch\u00fclerliga mit zwei Siegen und einem Remis hinter dem verlustpunktfreien Tabellenf\u00fchrer &#8222;Rochade 69 Diez&#8220; auf einem hervorragenden zweiten Platz. Leider blieb in der Partie gegen Friedberg unser erstes Brett unbesetzt, was den verloren Punkt erkl\u00e4rt. Daf\u00fcr kam Kolya erstmals in der <a class=\"more-link\" href=\"https:\/\/wp.vsg-1880-offenbach.de\/?p=921\">weiterlesen&#8230;<\/a><\/p>\n","protected":false},"author":1,"featured_media":818,"comment_status":"open","ping_status":"open","sticky":false,"template":"","format":"standard","meta":{"footnotes":""},"categories":[2,12],"tags":[],"class_list":["post-921","post","type-post","status-publish","format-standard","has-post-thumbnail","hentry","category-aktuelles","category-jugend"],"_links":{"self":[{"href":"https:\/\/wp.vsg-1880-offenbach.de\/index.php?rest_route=\/wp\/v2\/posts\/921","targetHints":{"allow":["GET"]}}],"collection":[{"href":"https:\/\/wp.vsg-1880-offenbach.de\/index.php?rest_route=\/wp\/v2\/posts"}],"about":[{"href":"https:\/\/wp.vsg-1880-offenbach.de\/index.php?rest_route=\/wp\/v2\/types\/post"}],"author":[{"embeddable":true,"href":"https:\/\/wp.vsg-1880-offenbach.de\/index.php?rest_route=\/wp\/v2\/users\/1"}],"replies":[{"embeddable":true,"href":"https:\/\/wp.vsg-1880-offenbach.de\/index.php?rest_route=%2Fwp%2Fv2%2Fcomments&post=921"}],"version-history":[{"count":2,"href":"https:\/\/wp.vsg-1880-offenbach.de\/index.php?rest_route=\/wp\/v2\/posts\/921\/revisions"}],"predecessor-version":[{"id":925,"href":"https:\/\/wp.vsg-1880-offenbach.de\/index.php?rest_route=\/wp\/v2\/posts\/921\/revisions\/925"}],"wp:featuredmedia":[{"embeddable":true,"href":"https:\/\/wp.vsg-1880-offenbach.de\/index.php?rest_route=\/wp\/v2\/media\/818"}],"wp:attachment":[{"href":"https:\/\/wp.vsg-1880-offenbach.de\/index.php?rest_route=%2Fwp%2Fv2%2Fmedia&parent=921"}],"wp:term":[{"taxonomy":"category","embeddable":true,"href":"https:\/\/wp.vsg-1880-offenbach.de\/index.php?rest_route=%2Fwp%2Fv2%2Fcategories&post=921"},{"taxonomy":"post_tag","embeddable":true,"href":"https:\/\/wp.vsg-1880-offenbach.de\/index.php?rest_route=%2Fwp%2Fv2%2Ftags&post=921"}],"curies":[{"name":"wp","href":"https:\/\/api.w.org\/{rel}","templated":true}]}}