{"id":9676,"date":"2022-06-05T11:14:15","date_gmt":"2022-06-05T09:14:15","guid":{"rendered":"http:\/\/wp.vsg-1880-offenbach.de\/?p=9676"},"modified":"2022-06-15T14:02:58","modified_gmt":"2022-06-15T12:02:58","slug":"deutsche-jugendeinzelmeisterschaften-2022-so-viele-offenbacher-wie-noch-nie-am-start","status":"publish","type":"post","link":"https:\/\/wp.vsg-1880-offenbach.de\/?p=9676","title":{"rendered":"Deutsche Jugendeinzelmeisterschaften 2022: Das gab es noch nie f\u00fcr Offenbach &#8211; 1x Erste, 2x Vizemeister, 1x F\u00fcnfte, 1x Sechster und ein neuer FM"},"content":{"rendered":"\n<p>Nach mehr als zwei Jahren Corona fanden die Deutschen Jugendeinzelmeisterschaften, kurz DEM, wieder zu ihrem angestammten Termin in der Pfingstwoche vom 4. bis 12.6.2022 in Willingen statt. Erstmals dabei war auch die Altersklasse U8, die aber erst am 7.6. ins Turniergeschehen eingriff.<\/p>\n\n\n\n<p>Auch wenn Dominik, Maja und Sophie &#8222;nur&#8220; als passive Mitglieder am Trainingsbetrieb teilnehmen, waren mit ihnen insgesamt neun VSGler(innen) in Willingen am Start, so viele wie noch nie. Wer es genau wissen will, kommt \u00fcber das Anklicken der Namen direkt zu den jeweiligen Ergebnissen, Tabellen, Partie-\u00dcbertragungen und konnte auch Brettgr\u00fc\u00dfe zu senden:<\/p>\n\n\n\n<p><strong>U8:<\/strong><br><a rel=\"noreferrer noopener\" href=\"https:\/\/www.deutsche-schachjugend.de\/2022\/dem-u8\/spieler\/45\/\" target=\"_blank\">Karla Kollmer<\/a>:<br>Bei der ersten DEM ist jeder Punkt viel wert. Und das gelang schon gleich am erste Tag! Insgesamt galt es allerdings Erfahrung zu sammeln bei diesem gro\u00dfen Event. Wenn Karla flei\u00dfig weiter trainiert, werden der ersten DEM sicherlich noch einige weitere folgen.<\/p>\n\n\n\n<p><a rel=\"noreferrer noopener\" href=\"https:\/\/www.deutsche-schachjugend.de\/2022\/dem-u8\/spieler\/6\/\" target=\"_blank\">Sepas Zargaran<\/a>:<br>Mit 4\/4 gelang Sepas ein Traumstart in das Turnier und ein ganz gro\u00dfes Ausrufezeichen. In Runde f\u00fcnf spielte er die l\u00e4ngste Partie des Tages, musste aber erstmals einen Punkt liegen lassen. In Runde sechs holte er ihn sich aber sofort zur\u00fcck und spielte nun mit 5\/6 in der letzten Runde am Samstag von Platz 4 mit nur einem halben Punkt R\u00fcckstand mit um den Titel! Sepas ging aufs Ganze und musste sich leider geschlagen geben, so dass er auf Platz 6 abrutschte. Kleiner Trost am Rande, dieser Platz reichte noch zur Qualifikation zur U8-Weltmeisterschaft in Georgien im Herbst. Wir gratulieren herzlich.<\/p>\n\n\n\n<p><strong>U12w:<\/strong><br><a rel=\"noreferrer noopener\" href=\"https:\/\/www.deutsche-schachjugend.de\/2022\/dem-u12w\/spieler\/5\/\" target=\"_blank\">Sarah Neininger<\/a>:<br>Bei DVM U16w und Hessischer U16-Mannschaftsmeisterschaft hatte sich Sarah in Top-Form gezeigt. In Willingen dauerte es etwas, bis sie ins Rollen kam. Mit 5\/9 gelang ihr dann aber im Schlussspurt noch deutlich der Sprung in die obere Tabellenh\u00e4lfte, wo sie als 18. punktgleich mit der Elftplatzierten war.<br><a rel=\"noreferrer noopener\" href=\"https:\/\/www.deutsche-schachjugend.de\/2022\/dem-u12w\/spieler\/37\/\" target=\"_blank\">Sophie Milman<\/a>:<br>Mit 3,5\/9 konnte Sophie, die bei der VSG trainiert aber mit Erstmeldung in Heusenstamm gemeldet ist, ihren Startrang leicht verbessern. Gegen deutlich DWZ-st\u00e4rkere Spielerinnen konnte der ein oder andere Sieg oder Remis geholt werden. Ein wirklich gutes Turnier von Sophie.<br><br><strong>U16w:<\/strong><br><a rel=\"noreferrer noopener\" href=\"https:\/\/www.deutsche-schachjugend.de\/2022\/dem-u16w\/spieler\/1\/\" target=\"_blank\">Maja Buchholz<\/a>:<br>Setzlistenplatz eins stellte sicherlich eine Belastung f\u00fcr Maja dar, deren Erstverein der SK Langen ist, aber freitags immer bei der VSG trainiert und schon oft im M\u00e4dchenteam der VSG gespielt hat. <br>Nach verhaltenem Start kam sie aber immer mehr ins Rollen und konnte in Runde acht mit einem vollen Punkt mit 6\/8 die bis dahin f\u00fchrende wieder einholen. Maja behielt auch in der Schlussrunde die Nerven und konnte sich nach der Wahl zur Spielerin des Jahres 2021 zu Turnierbeginn dann am Turnierende zu Recht als Deutsche Meisterin U16w feiern lassen! Was f\u00fcr eine starke Leistung! Wir gratulieren herzlich! Und nat\u00fcrlich f\u00e4hrt auch Maja auch zur Weltmeisterschaft.<br><a rel=\"noreferrer noopener\" href=\"https:\/\/www.deutsche-schachjugend.de\/2022\/dem-u16w\/spieler\/3\/\" target=\"_blank\">Rosalie Werner<\/a>:<br>Rosalie startete als drittgesetzte stark ins Turnier, gab im weiteren Verlauf aber 3,5 Punkte ab, zwei davon in bitterer Zeitnot bei hoffnungsvollen Stellungen. Mit 5,5\/9 k\u00e4mpft sie sich aber wieder in die Spitzengruppe und in einem Herzschlagfinale eroberte sie sogar noch den f\u00fcnften Platz, der ebenfalls bei der Siegerehrung mit einem Platz auf dem Podium bedacht wurde. Herzliche Gl\u00fcckw\u00fcnsche!<\/p>\n\n\n\n<p><strong>U16:<\/strong><br><a rel=\"noreferrer noopener\" href=\"https:\/\/www.deutsche-schachjugend.de\/2022\/dem-u16\/spieler\/5\/\" target=\"_blank\">Dominik Laux<\/a>:<br>Was f\u00fcr ein Turnier! In Runde sieben schiebt sich &#8222;Dome&#8220;, der in der Bundesliga f\u00fcr Hofheim auf Punktejagd geht, auf den ersten Platz der wirklich sehr stark besetzten Altersgruppe. Mit einem Remis in Runde acht lag er nun mit 6 Punkten auf Rang drei in Lauerstellung f\u00fcr den Turniersieg. Und Dominik ging aufs Ganze, holte den Punkt in der letzten Runde und musste sich nur in der Zweitwertung geschlagen geben, so dass es schlie\u00dflich der Deutsche Vizemeistertitel wurde. Als Detail sein angemerkt, dass Dominik bester Deutscher Spieler war. Und auch schaffte Dominik mit diesem Turnier die Normenerf\u00fcllung zum Fidemeister oder kurz FM. Wenn der Titelantrag durch ist, hei\u00dft es dann FM Dominik Laux. Wir gratulieren auf das herzlichste! Und auch bei der WM wird &#8222;Dome&#8220; sicherlich wieder f\u00fcr Schlagzeilen sorgen.<\/p>\n\n\n\n<p><strong>ODEM B:<\/strong><br><a rel=\"noreferrer noopener\" href=\"https:\/\/www.deutsche-schachjugend.de\/2022\/odjm-b\/spieler\/47\/\" target=\"_blank\">Filip Laux<\/a>:<br>Mit 4\/9 spielt Filip das ganze Turnier deutlich \u00fcber seinem Startplatz und verbesserte sich um 15 Pl\u00e4tze auf Rang 32 gegen diese starke Konkurrenz. Das wird kr\u00e4ftige DWZ-Zugewinne geben. Wir gratulieren unserem U12-Spieler ganz herzlich!<br><a rel=\"noreferrer noopener\" href=\"https:\/\/www.deutsche-schachjugend.de\/2022\/odjm-b\/spieler\/26\/\" target=\"_blank\">Florin Werner<\/a>:<br>Mit 6,5\/8 schob sich Florin in der vorletzten Runde auf Platz 2 nach ganz oben. Ein richtig starkes Turnier bis dahin! Er hatte es nun im direkten Duell mit dem Erstplatzierten in der eigenen Hand, was den Gewinn der Meisterschaft anging. Beide Spieler zogen es aber vor, in sichere Remisbahnen einzuschwenken statt den Absturz im Klassement zu riskieren. Mit 7\/9 wurde Florin somit Deutscher Vizemeister der offenen Wertung! Wir gratulieren herzlich zu diesem tollen Erfolg! Vom Startplatz 26 auf zwei ist eine sehr starke Leistung.<\/p>\n\n\n\n<p>Hier noch ein paar Impressionen:<\/p>\n\n\n\n<p>Erste H\u00f6hepunkte gab es bei der Er\u00f6ffnungsfeier. Maja wurde in der U16w von Schachdeutschland zur Spielerin des Jahres 2021 in der Kategorie &#8222;\u00dcberraschung&#8220; gew\u00e4hlt. Wir gratulieren herzlich! Und ganz herzlichen Dank an alle VSGler, die mit ihrer Stimme daran mitgewirkt haben, auch wenn Majas Heimatverein der SK Langen ist.<\/p>\n\n\n\n<figure class=\"wp-block-image\"><img decoding=\"async\" src=\"https:\/\/www.deutsche-schachjugend.de\/fileadmin\/_processed_\/b\/b\/csm_spieler_des_jahres_479b66777f.jpg\" alt=\"\"\/><figcaption>Maja wurde Spielerin des Jahres 2021!!!<\/figcaption><\/figure>\n\n\n\n<p>Florin durfte dar\u00fcber hinaus als Fahnenschwenker die Hessische Fahne als Verbandsvertreter beim Einmarsch der Bundesl\u00e4nder auf die B\u00fchne bringen.<\/p>\n\n\n\n<figure class=\"wp-block-video\"><video height=\"480\" style=\"aspect-ratio: 848 \/ 480;\" width=\"848\" controls src=\"http:\/\/wp.vsg-1880-offenbach.de\/wp-content\/uploads\/2022\/06\/Florin-als-Fahnenschwenker-bei-Eroeffnungsfeier-1.mp4\"><\/video><figcaption>Einmarsch der Bundesl\u00e4nder, hier Hessen<\/figcaption><\/figure>\n\n\n\n<figure class=\"wp-block-image size-large\"><img loading=\"lazy\" decoding=\"async\" width=\"768\" height=\"1024\" src=\"http:\/\/wp.vsg-1880-offenbach.de\/wp-content\/uploads\/2022\/06\/Karla-und-Chessy.jpeg\" alt=\"\" class=\"wp-image-9688\" srcset=\"https:\/\/wp.vsg-1880-offenbach.de\/wp-content\/uploads\/2022\/06\/Karla-und-Chessy.jpeg 768w, https:\/\/wp.vsg-1880-offenbach.de\/wp-content\/uploads\/2022\/06\/Karla-und-Chessy-225x300.jpeg 225w\" sizes=\"auto, (max-width: 768px) 100vw, 768px\" \/><figcaption>Chessy darf hier nicht fehlen<\/figcaption><\/figure>\n\n\n\n<figure class=\"wp-block-image size-large\"><img loading=\"lazy\" decoding=\"async\" width=\"1024\" height=\"768\" src=\"http:\/\/wp.vsg-1880-offenbach.de\/wp-content\/uploads\/2022\/06\/U8-Spielsaal.jpeg\" alt=\"\" class=\"wp-image-9689\" srcset=\"https:\/\/wp.vsg-1880-offenbach.de\/wp-content\/uploads\/2022\/06\/U8-Spielsaal.jpeg 1024w, https:\/\/wp.vsg-1880-offenbach.de\/wp-content\/uploads\/2022\/06\/U8-Spielsaal-300x225.jpeg 300w, https:\/\/wp.vsg-1880-offenbach.de\/wp-content\/uploads\/2022\/06\/U8-Spielsaal-768x576.jpeg 768w\" sizes=\"auto, (max-width: 1024px) 100vw, 1024px\" \/><figcaption>Auch die U8 hat beste Spielbedingungen<\/figcaption><\/figure>\n\n\n\n<figure class=\"wp-block-image size-large\"><img loading=\"lazy\" decoding=\"async\" width=\"768\" height=\"1024\" src=\"http:\/\/wp.vsg-1880-offenbach.de\/wp-content\/uploads\/2022\/06\/Sepas-und-Chessy-768x1024.jpg\" alt=\"\" class=\"wp-image-9722\" srcset=\"https:\/\/wp.vsg-1880-offenbach.de\/wp-content\/uploads\/2022\/06\/Sepas-und-Chessy-768x1024.jpg 768w, https:\/\/wp.vsg-1880-offenbach.de\/wp-content\/uploads\/2022\/06\/Sepas-und-Chessy-225x300.jpg 225w, https:\/\/wp.vsg-1880-offenbach.de\/wp-content\/uploads\/2022\/06\/Sepas-und-Chessy-1152x1536.jpg 1152w, https:\/\/wp.vsg-1880-offenbach.de\/wp-content\/uploads\/2022\/06\/Sepas-und-Chessy-1536x2048.jpg 1536w, https:\/\/wp.vsg-1880-offenbach.de\/wp-content\/uploads\/2022\/06\/Sepas-und-Chessy-scaled.jpg 1920w\" sizes=\"auto, (max-width: 768px) 100vw, 768px\" \/><figcaption>Sepas durfte Platz 6 mit Chessy feiern<\/figcaption><\/figure>\n\n\n\n<figure class=\"wp-block-image size-large\"><img loading=\"lazy\" decoding=\"async\" width=\"1024\" height=\"683\" src=\"http:\/\/wp.vsg-1880-offenbach.de\/wp-content\/uploads\/2022\/06\/Robert-Maja-Rosalie-Vinzent-1024x683.jpg\" alt=\"\" class=\"wp-image-9709\" srcset=\"https:\/\/wp.vsg-1880-offenbach.de\/wp-content\/uploads\/2022\/06\/Robert-Maja-Rosalie-Vinzent-1024x683.jpg 1024w, https:\/\/wp.vsg-1880-offenbach.de\/wp-content\/uploads\/2022\/06\/Robert-Maja-Rosalie-Vinzent-300x200.jpg 300w, https:\/\/wp.vsg-1880-offenbach.de\/wp-content\/uploads\/2022\/06\/Robert-Maja-Rosalie-Vinzent-768x512.jpg 768w, https:\/\/wp.vsg-1880-offenbach.de\/wp-content\/uploads\/2022\/06\/Robert-Maja-Rosalie-Vinzent.jpg 1062w\" sizes=\"auto, (max-width: 1024px) 100vw, 1024px\" \/><figcaption>Maja und Rosalie mit ihren Erfolgstrainern Robert und Vinzent<\/figcaption><\/figure>\n\n\n\n<figure class=\"wp-block-image size-large\"><img loading=\"lazy\" decoding=\"async\" width=\"1024\" height=\"768\" src=\"http:\/\/wp.vsg-1880-offenbach.de\/wp-content\/uploads\/2022\/06\/Maja-und-Rosalie-Siegerehrung-1024x768.jpg\" alt=\"\" class=\"wp-image-9710\" srcset=\"https:\/\/wp.vsg-1880-offenbach.de\/wp-content\/uploads\/2022\/06\/Maja-und-Rosalie-Siegerehrung-1024x768.jpg 1024w, https:\/\/wp.vsg-1880-offenbach.de\/wp-content\/uploads\/2022\/06\/Maja-und-Rosalie-Siegerehrung-300x225.jpg 300w, https:\/\/wp.vsg-1880-offenbach.de\/wp-content\/uploads\/2022\/06\/Maja-und-Rosalie-Siegerehrung-768x576.jpg 768w, https:\/\/wp.vsg-1880-offenbach.de\/wp-content\/uploads\/2022\/06\/Maja-und-Rosalie-Siegerehrung-1536x1152.jpg 1536w, https:\/\/wp.vsg-1880-offenbach.de\/wp-content\/uploads\/2022\/06\/Maja-und-Rosalie-Siegerehrung-2048x1536.jpg 2048w\" sizes=\"auto, (max-width: 1024px) 100vw, 1024px\" \/><figcaption>Maja und Rosalie bei der Siegerehrung<\/figcaption><\/figure>\n\n\n\n<figure class=\"wp-block-image size-large\"><img loading=\"lazy\" decoding=\"async\" width=\"1024\" height=\"768\" src=\"http:\/\/wp.vsg-1880-offenbach.de\/wp-content\/uploads\/2022\/06\/Siegerehrung-Florin-1024x768.jpg\" alt=\"\" class=\"wp-image-9711\" srcset=\"https:\/\/wp.vsg-1880-offenbach.de\/wp-content\/uploads\/2022\/06\/Siegerehrung-Florin-1024x768.jpg 1024w, https:\/\/wp.vsg-1880-offenbach.de\/wp-content\/uploads\/2022\/06\/Siegerehrung-Florin-300x225.jpg 300w, https:\/\/wp.vsg-1880-offenbach.de\/wp-content\/uploads\/2022\/06\/Siegerehrung-Florin-768x576.jpg 768w, https:\/\/wp.vsg-1880-offenbach.de\/wp-content\/uploads\/2022\/06\/Siegerehrung-Florin-1536x1152.jpg 1536w, https:\/\/wp.vsg-1880-offenbach.de\/wp-content\/uploads\/2022\/06\/Siegerehrung-Florin-2048x1536.jpg 2048w\" sizes=\"auto, (max-width: 1024px) 100vw, 1024px\" \/><figcaption>Florin als Deutscher Vizemeister der ODEM-B bei der Siegerehrung<\/figcaption><\/figure>\n\n\n\n<figure class=\"wp-block-image size-large\"><img loading=\"lazy\" decoding=\"async\" width=\"600\" height=\"400\" src=\"http:\/\/wp.vsg-1880-offenbach.de\/wp-content\/uploads\/2022\/06\/Dome.jpeg\" alt=\"\" class=\"wp-image-9712\" srcset=\"https:\/\/wp.vsg-1880-offenbach.de\/wp-content\/uploads\/2022\/06\/Dome.jpeg 600w, https:\/\/wp.vsg-1880-offenbach.de\/wp-content\/uploads\/2022\/06\/Dome-300x200.jpeg 300w\" sizes=\"auto, (max-width: 600px) 100vw, 600px\" \/><figcaption>Der neue FM Dominik Laux und Deutscher Vizemeister U16<\/figcaption><\/figure>\n<p>Views: 403<\/p>","protected":false},"excerpt":{"rendered":"<p>Nach mehr als zwei Jahren Corona fanden die Deutschen Jugendeinzelmeisterschaften, kurz DEM, wieder zu ihrem angestammten Termin in der Pfingstwoche vom 4. bis 12.6.2022 in Willingen statt. Erstmals dabei war auch die Altersklasse U8, die aber erst am 7.6. ins Turniergeschehen eingriff. Auch wenn Dominik, Maja und Sophie &#8222;nur&#8220; als passive Mitglieder am Trainingsbetrieb teilnehmen, <a class=\"more-link\" href=\"https:\/\/wp.vsg-1880-offenbach.de\/?p=9676\">weiterlesen&#8230;<\/a><\/p>\n","protected":false},"author":3,"featured_media":9681,"comment_status":"open","ping_status":"open","sticky":false,"template":"","format":"standard","meta":{"footnotes":""},"categories":[2,12],"tags":[],"class_list":["post-9676","post","type-post","status-publish","format-standard","has-post-thumbnail","hentry","category-aktuelles","category-jugend"],"_links":{"self":[{"href":"https:\/\/wp.vsg-1880-offenbach.de\/index.php?rest_route=\/wp\/v2\/posts\/9676","targetHints":{"allow":["GET"]}}],"collection":[{"href":"https:\/\/wp.vsg-1880-offenbach.de\/index.php?rest_route=\/wp\/v2\/posts"}],"about":[{"href":"https:\/\/wp.vsg-1880-offenbach.de\/index.php?rest_route=\/wp\/v2\/types\/post"}],"author":[{"embeddable":true,"href":"https:\/\/wp.vsg-1880-offenbach.de\/index.php?rest_route=\/wp\/v2\/users\/3"}],"replies":[{"embeddable":true,"href":"https:\/\/wp.vsg-1880-offenbach.de\/index.php?rest_route=%2Fwp%2Fv2%2Fcomments&post=9676"}],"version-history":[{"count":25,"href":"https:\/\/wp.vsg-1880-offenbach.de\/index.php?rest_route=\/wp\/v2\/posts\/9676\/revisions"}],"predecessor-version":[{"id":9736,"href":"https:\/\/wp.vsg-1880-offenbach.de\/index.php?rest_route=\/wp\/v2\/posts\/9676\/revisions\/9736"}],"wp:featuredmedia":[{"embeddable":true,"href":"https:\/\/wp.vsg-1880-offenbach.de\/index.php?rest_route=\/wp\/v2\/media\/9681"}],"wp:attachment":[{"href":"https:\/\/wp.vsg-1880-offenbach.de\/index.php?rest_route=%2Fwp%2Fv2%2Fmedia&parent=9676"}],"wp:term":[{"taxonomy":"category","embeddable":true,"href":"https:\/\/wp.vsg-1880-offenbach.de\/index.php?rest_route=%2Fwp%2Fv2%2Fcategories&post=9676"},{"taxonomy":"post_tag","embeddable":true,"href":"https:\/\/wp.vsg-1880-offenbach.de\/index.php?rest_route=%2Fwp%2Fv2%2Ftags&post=9676"}],"curies":[{"name":"wp","href":"https:\/\/api.w.org\/{rel}","templated":true}]}}